{"id":610,"date":"2016-06-07T08:25:20","date_gmt":"2016-06-07T08:25:20","guid":{"rendered":"http:\/\/ouisellyou.com\/es\/?p=610&#038;lang=ca"},"modified":"2016-06-07T08:25:20","modified_gmt":"2016-06-07T08:25:20","slug":"esdeveniments-al-museu-dhistoria-de-catalunya","status":"publish","type":"post","link":"https:\/\/ouisellyou.com\/ca\/esdeveniments-al-museu-dhistoria-de-catalunya\/","title":{"rendered":"Esdeveniments al Museu d\u2019Hist\u00f2ria de Catalunya"},"content":{"rendered":"<style type=\"text\/css\"><\/style><p>Durant els mesos de maig i juny s\u2019inicia un temps propici per a la realitzaci\u00f3 d\u2019esdeveniments \u00a0als espais de l\u2019Ag\u00e8ncia del Patrimoni de Cultura de Catalunya i especialment al Museu d\u2019Hist\u00f2ria de Catalunya. La climatologia \u00a0i l\u2019empla\u00e7ament privilegiat de l\u2019edifici, al Port Vell de Barcelona, amb unes vistes \u00faniques des de la terrassa on es pot observar el Skyline de Barcelona, fan incrementar el nombre d\u2019esdeveniments que s\u2019hi celebren<\/p>\n<p>Des d\u2019una petita confer\u00e8ncia organitzada a les aules del museu que va acabar amb un magn\u00edfic sopar al Restaurant 1881 de Sagardi. A la organitzaci\u00f3 uns dies despr\u00e9s, a la Terrassa del Museu, de la presentaci\u00f3 del llibre \u201cUn moment fundacional\u201d del Honorable Conseller de Cultura, Santi Vila. \u00a0L\u2019acte va tenir un alt nombre de participants, amb l\u2019assist\u00e8ncia de m\u00e9s de 200 persones<span style=\"text-decoration: line-through;\">,<\/span> que van gaudir de la xerrada col\u00b7loqui organitzada per Edicions 62 amb la participaci\u00f3 de l\u2019autor, el Sr. Perico Pastor, el Sr. Salvador Card\u00fas i la Sra. Vict\u00f2ria Molins. Va resultar ser una presentaci\u00f3 amb un format diferent amb unes vistes inigualables de la ciutat.<\/p>\n<p>Finalment, vam rebre a l\u2019Auditori, un acte organitzat per Barcelona Turisme, que va reunir en assemblea als membres de Barcelona Premium. Al finalitzar l\u2019acte els participants van gaudir d\u2019un c\u00f2ctel a la Terrassa, durant el qual \u00a0van aprofitar per a posar-se al dia amb els companys del sector.<\/p>\n<p>Ja estem treballant pels seg\u00fcents projectes per acabar aquesta primavera i donar la benvinguda a l\u2019estiu, ens veurem al Castell de Cardona i a la ciutat grega i romana d\u2019Emp\u00faries, espais escollits per varis nuvis per a la celebraci\u00f3 del seu casament. Visites guiades, actes d\u2019empresa a St. Pere de Galligants i als Museus d\u2019Hist\u00f2ria i d\u2019Arqueologia de Catalunya, uns mesos per gaudir dels espectaculars espais exteriors que ens ofereix el patrimoni cultural de Catalunya.<\/p>\n","protected":false},"excerpt":{"rendered":"<p>Durant els mesos de maig i juny s\u2019inicia un temps propici per a la realitzaci\u00f3 d\u2019esdeveniments \u00a0als espais de l\u2019Ag\u00e8ncia del Patrimoni de Cultura de Catalunya i especialment al Museu d\u2019Hist\u00f2ria de Catalunya. La climatologia \u00a0i l\u2019empla\u00e7ament privilegiat de l\u2019edifici, al Port Vell de Barcelona, amb unes vistes \u00faniques des de la terrassa on es&#8230;<\/p>\n","protected":false},"author":1,"featured_media":0,"comment_status":"open","ping_status":"open","sticky":false,"template":"","format":"standard","meta":[],"categories":[73,84,94],"tags":[96,98,95,97],"_links":{"self":[{"href":"https:\/\/ouisellyou.com\/ca\/wp-json\/wp\/v2\/posts\/610"}],"collection":[{"href":"https:\/\/ouisellyou.com\/ca\/wp-json\/wp\/v2\/posts"}],"about":[{"href":"https:\/\/ouisellyou.com\/ca\/wp-json\/wp\/v2\/types\/post"}],"author":[{"embeddable":true,"href":"https:\/\/ouisellyou.com\/ca\/wp-json\/wp\/v2\/users\/1"}],"replies":[{"embeddable":true,"href":"https:\/\/ouisellyou.com\/ca\/wp-json\/wp\/v2\/comments?post=610"}],"version-history":[{"count":1,"href":"https:\/\/ouisellyou.com\/ca\/wp-json\/wp\/v2\/posts\/610\/revisions"}],"predecessor-version":[{"id":611,"href":"https:\/\/ouisellyou.com\/ca\/wp-json\/wp\/v2\/posts\/610\/revisions\/611"}],"wp:attachment":[{"href":"https:\/\/ouisellyou.com\/ca\/wp-json\/wp\/v2\/media?parent=610"}],"wp:term":[{"taxonomy":"category","embeddable":true,"href":"https:\/\/ouisellyou.com\/ca\/wp-json\/wp\/v2\/categories?post=610"},{"taxonomy":"post_tag","embeddable":true,"href":"https:\/\/ouisellyou.com\/ca\/wp-json\/wp\/v2\/tags?post=610"}],"curies":[{"name":"wp","href":"https:\/\/api.w.org\/{rel}","templated":true}]}}